{"id":2832,"date":"2019-07-04T16:16:13","date_gmt":"2019-07-04T19:16:13","guid":{"rendered":"https:\/\/cooperar.coop\/?p=2832"},"modified":"2019-07-04T17:09:45","modified_gmt":"2019-07-04T20:09:45","slug":"mensaje-del-dia-internacional-de-las-cooperativas","status":"publish","type":"post","link":"https:\/\/cooperar.coop\/?p=2832","title":{"rendered":"Mensaje del D\u00eda Internacional de las Cooperativas"},"content":{"rendered":"\n<p>\n\nLa Alianza Cooperativa Internacional dio a conocer el mensaje por el 97\u00ba edici\u00f3n del D\u00eda Internacional de las Cooperativas de la ACI y 25\u00ba edici\u00f3n del D\u00eda Internacional de las Cooperativas de la ONU:<\/p>\n\n\n\n<p>\u00abEn la edici\u00f3n de este a\u00f1o del D\u00eda Internacional de las Cooperativas (#CoopsDay), que se celebrar\u00e1 este s\u00e1bado 6 de julio, las cooperativas damos visibilidad a nuestro compromiso con el trabajo digno.<\/p>\n\n\n\n<p>Dadas las crecientes desigualdades, una seguridad laboral cada vez m\u00e1s&nbsp;precaria y unos niveles de desempleo al alza, especialmente entre los j\u00f3venes, el tema del D\u00eda de las Cooperativas de 2019 \u2013<em>Cooperativas por un trabajo digno<\/em>\u2013 pretende prestar apoyo al 8\u00ba Objetivo de Desarrollo Sostenible (ODS): Desarrollo inclusivo y trabajo digno.<\/p>\n\n\n\n<p>Para ello, hemos unido nuestras fuerzas con la Organizaci\u00f3n Internacional del Trabajo (OIT), con la que hemos trabajado codo con codo desde su creaci\u00f3n y que, este a\u00f1o, celebra su centenario, con un inter\u00e9s especial en el futuro del trabajo.<\/p>\n\n\n\n<p>Recientemente, hemos reafirmado nuestra amistad centenaria mediante la firma de un nuevo memorando de entendimiento (MdE) para promover la colaboraci\u00f3n y la promoci\u00f3n de las cooperativas como modelo de negocio sostenible para fomentar el desarrollo sostenible e inclusivo.<\/p>\n\n\n\n<p>En la ACI ya nos hab\u00edamos comprometido a \u201crespetar, promover y actuar&nbsp;diligentemente para apoyar los principios fundamentales del trabajo digno\u201d, a trav\u00e9s de la Declaraci\u00f3n sobre el trabajo digno y contra el acoso.<\/p>\n\n\n\n<p>Asimismo, nos unimos a la Declaraci\u00f3n del Centenario de la OIT adoptada el 21 de junio, que se compromete a \u201cun mundo sin violencia ni acoso\u201d y reconoce a las cooperativas y la econom\u00eda social y solidaria.<\/p>\n\n\n\n<p>Como cooperativas, somos responsables de proporcionar empleo nada m\u00e1s y nada menos que al 10 % de la poblaci\u00f3n mundial ocupada. M\u00e1s all\u00e1 de las cifras, varios estudios confirman que, en comparaci\u00f3n con el empleo en otros sectores, los trabajos cooperativos\u2026<\/p>\n\n\n\n<p>\u2022 tienden a ser m\u00e1s sostenibles con el paso del tiempo;<br>\u2022 crean empleos en los que existe una menor diferencia entre los salarios&nbsp;de los puestos de mayor y menor responsabilidad;&nbsp;<br>\u2022 y suelen estar mejor distribuidos entre las \u00e1reas rurales y urbanas.<\/p>\n\n\n\n<p>El segundo principio cooperativo, \u201ccontrol democr\u00e1tico de los miembros\u201d, permite a las comunidades crear y dirigir cooperativas de manera conjunta mediante un control democr\u00e1tico que permite un crecimiento inclusivo y sostenible en el que nadie queda atr\u00e1s.<\/p>\n\n\n\n<p>Como empresas centradas en la persona y actores clave del desarrollo, las&nbsp;cooperativas tienen un papel esencial en la creaci\u00f3n de trabajo digno y el&nbsp;empoderamiento social y econ\u00f3mico de las comunidades locales.<\/p>\n\n\n\n<p>El D\u00eda Internacional de las Cooperativas es nuestro d\u00eda para reconocer, delante de toda la comunidad internacional, nuestro papel en el camino hacia un mundo mejor.<\/p>\n\n\n\n<p>Un movimiento de hombres y mujeres que construyen una econom\u00eda m\u00e1s justa y priorizan a las personas, a sus necesidades y aspiraciones.<\/p>\n\n\n\n<p>Construimos una sociedad basada en nuestros principios y nuestros valores para crear un trabajo digno.<\/p>\n\n\n\n<p>\u00a1Celebr\u00e1&nbsp;con nosotros el 6 de julio de 2019, por un futuro en el que las<br>prioridades sean el desarrollo humano y la justicia social!<\/p>\n\n\n\n<p>\u00a1Hoy construimos el futuro del trabajo!<\/p>\n\n\n\n<p>\u00a1Trabajo digno, inclusivo y sostenible para todos!<\/p>\n\n\n\n<p>\u00a1Feliz D\u00eda Internacional de las Cooperativas!\u00bb\n\n<\/p>\n\n\n\n<figure class=\"wp-block-embed-youtube wp-block-embed is-type-video is-provider-youtube wp-embed-aspect-16-9 wp-has-aspect-ratio\"><div class=\"wp-block-embed__wrapper\">\n<div class=\"ast-oembed-container \" style=\"height: 100%;\"><iframe title=\"Mensaje del presidente: D\u00eda Internacional de las Cooperativas 2019\" width=\"500\" height=\"281\" src=\"https:\/\/www.youtube.com\/embed\/kdAczq45934?feature=oembed\" frameborder=\"0\" allow=\"accelerometer; autoplay; clipboard-write; encrypted-media; gyroscope; picture-in-picture; web-share\" referrerpolicy=\"strict-origin-when-cross-origin\" allowfullscreen><\/iframe><\/div>\n<\/div><\/figure>\n","protected":false},"excerpt":{"rendered":"<p>La Alianza Cooperativa Internacional dio a conocer el mensaje por el 97\u00ba edici\u00f3n del D\u00eda Internacional de las Cooperativas de la ACI y 25\u00ba edici\u00f3n del D\u00eda Internacional de las Cooperativas de la ONU: \u00abEn la edici\u00f3n de este a\u00f1o del D\u00eda Internacional de las Cooperativas (#CoopsDay), que se celebrar\u00e1 este s\u00e1bado 6 de julio, [&hellip;]<\/p>\n","protected":false},"author":2,"featured_media":2833,"comment_status":"closed","ping_status":"closed","sticky":false,"template":"","format":"standard","meta":{"site-sidebar-layout":"default","site-content-layout":"","ast-site-content-layout":"","site-content-style":"default","site-sidebar-style":"default","ast-global-header-display":"","ast-banner-title-visibility":"","ast-main-header-display":"","ast-hfb-above-header-display":"","ast-hfb-below-header-display":"","ast-hfb-mobile-header-display":"","site-post-title":"","ast-breadcrumbs-content":"","ast-featured-img":"","footer-sml-layout":"","theme-transparent-header-meta":"","adv-header-id-meta":"","stick-header-meta":"","header-above-stick-meta":"","header-main-stick-meta":"","header-below-stick-meta":"","astra-migrate-meta-layouts":"default","ast-page-background-enabled":"default","ast-page-background-meta":{"desktop":{"background-color":"var(--ast-global-color-4)","background-image":"","background-repeat":"repeat","background-position":"center center","background-size":"auto","background-attachment":"scroll","background-type":"","background-media":"","overlay-type":"","overlay-color":"","overlay-opacity":"","overlay-gradient":""},"tablet":{"background-color":"","background-image":"","background-repeat":"repeat","background-position":"center center","background-size":"auto","background-attachment":"scroll","background-type":"","background-media":"","overlay-type":"","overlay-color":"","overlay-opacity":"","overlay-gradient":""},"mobile":{"background-color":"","background-image":"","background-repeat":"repeat","background-position":"center center","background-size":"auto","background-attachment":"scroll","background-type":"","background-media":"","overlay-type":"","overlay-color":"","overlay-opacity":"","overlay-gradient":""}},"ast-content-background-meta":{"desktop":{"background-color":"var(--ast-global-color-5)","background-image":"","background-repeat":"repeat","background-position":"center center","background-size":"auto","background-attachment":"scroll","background-type":"","background-media":"","overlay-type":"","overlay-color":"","overlay-opacity":"","overlay-gradient":""},"tablet":{"background-color":"var(--ast-global-color-5)","background-image":"","background-repeat":"repeat","background-position":"center center","background-size":"auto","background-attachment":"scroll","background-type":"","background-media":"","overlay-type":"","overlay-color":"","overlay-opacity":"","overlay-gradient":""},"mobile":{"background-color":"var(--ast-global-color-5)","background-image":"","background-repeat":"repeat","background-position":"center center","background-size":"auto","background-attachment":"scroll","background-type":"","background-media":"","overlay-type":"","overlay-color":"","overlay-opacity":"","overlay-gradient":""}},"footnotes":""},"categories":[16,2],"tags":[34],"class_list":["post-2832","post","type-post","status-publish","format-standard","has-post-thumbnail","hentry","category-noticias","category-novedades","tag-institucionales"],"_links":{"self":[{"href":"https:\/\/cooperar.coop\/index.php?rest_route=\/wp\/v2\/posts\/2832","targetHints":{"allow":["GET"]}}],"collection":[{"href":"https:\/\/cooperar.coop\/index.php?rest_route=\/wp\/v2\/posts"}],"about":[{"href":"https:\/\/cooperar.coop\/index.php?rest_route=\/wp\/v2\/types\/post"}],"author":[{"embeddable":true,"href":"https:\/\/cooperar.coop\/index.php?rest_route=\/wp\/v2\/users\/2"}],"replies":[{"embeddable":true,"href":"https:\/\/cooperar.coop\/index.php?rest_route=%2Fwp%2Fv2%2Fcomments&post=2832"}],"version-history":[{"count":5,"href":"https:\/\/cooperar.coop\/index.php?rest_route=\/wp\/v2\/posts\/2832\/revisions"}],"predecessor-version":[{"id":2838,"href":"https:\/\/cooperar.coop\/index.php?rest_route=\/wp\/v2\/posts\/2832\/revisions\/2838"}],"wp:featuredmedia":[{"embeddable":true,"href":"https:\/\/cooperar.coop\/index.php?rest_route=\/wp\/v2\/media\/2833"}],"wp:attachment":[{"href":"https:\/\/cooperar.coop\/index.php?rest_route=%2Fwp%2Fv2%2Fmedia&parent=2832"}],"wp:term":[{"taxonomy":"category","embeddable":true,"href":"https:\/\/cooperar.coop\/index.php?rest_route=%2Fwp%2Fv2%2Fcategories&post=2832"},{"taxonomy":"post_tag","embeddable":true,"href":"https:\/\/cooperar.coop\/index.php?rest_route=%2Fwp%2Fv2%2Ftags&post=2832"}],"curies":[{"name":"wp","href":"https:\/\/api.w.org\/{rel}","templated":true}]}}