{"id":2988,"date":"2019-10-24T12:06:51","date_gmt":"2019-10-24T15:06:51","guid":{"rendered":"https:\/\/cooperar.coop\/?p=2988"},"modified":"2019-10-24T16:32:10","modified_gmt":"2019-10-24T19:32:10","slug":"hacia-un-plan-nacional-de-educacion-cooperativa-y-mutual","status":"publish","type":"post","link":"https:\/\/cooperar.coop\/?p=2988","title":{"rendered":"Hacia un Plan Nacional de Educaci\u00f3n Cooperativa y Mutual"},"content":{"rendered":"\n<p>Un Plan Nacional de Educaci\u00f3n Cooperativa y Mutual fue propuesto a las autoridades del Ministerio de Educaci\u00f3n de la Naci\u00f3n 2019-2023, de acuerdo a las orientaciones que se sugieren en el documento <em><a rel=\"noreferrer noopener\" aria-label=\" (abre en una nueva pesta\u00f1a)\" href=\"https:\/\/cooperar.coop\/wp-content\/uploads\/2019\/10\/Hacia-un-Plan-Nacional-de-Educaci%C3%B3n-Cooperativa-y-Mutual.pdf\" target=\"_blank\">Hacia un Plan Nacional de Educaci\u00f3n Cooperativa y Mutual<\/a><\/em>.<\/p>\n\n\n\n<p>Trabajar en este sentido es cumplir con el art\u00edculo 90 de la Ley de Educaci\u00f3n Nacional que establece \u00abla incorporaci\u00f3n de los principios y valores del cooperativismo y del mutualismo en los procesos de ense\u00f1anza-aprendizaje y la capacitaci\u00f3n docente correspondiente\u00bb.<\/p>\n\n\n\n<p>Adem\u00e1s, la Ley N\u00ba 16.583 -aprobada en 1964- declara de \u00abalto inter\u00e9s nacional la ense\u00f1anza de los principios del cooperativismo\u00bb y ordena al Ministerio dictar \u00ablas normas para la inclusi\u00f3n en los planes y programas de los establecimientos educacionales de su dependencia, de la ense\u00f1anza te\u00f3rico-pr\u00e1ctica del cooperativismo\u00bb.<\/p>\n\n\n\n<p>Una nota dirigida a las pr\u00f3ximas autoridades educativas -firmada por las confederaciones Cooperar, Coninagro, Conarcoop, CNCT, Conaice, CAM, Conam y la Asociaci\u00f3n de Aseguradoras del Interior de la Rep\u00fablica Argentina (Adira)- se\u00f1ala que \u00abel cumplimiento de esta muy demorada obligaci\u00f3n legal resulta indispensable para dotar a nuestros ni\u00f1os, ni\u00f1as y j\u00f3venes de los recursos necesarios para la construcci\u00f3n de una econom\u00eda en base a los valores de la ayuda mutua, la responsabilidad, la democracia, la igualdad, la equidad y la solidaridad\u00bb.<\/p>\n\n\n\n<p><a href=\"https:\/\/cooperar.coop\/wp-content\/uploads\/2019\/10\/Hacia-un-Plan-Nacional-de-Educaci\u00f3n-Cooperativa-y-Mutual.pdf\" target=\"_blank\" rel=\"noreferrer noopener\" aria-label=\"Documento completo (abre en una nueva pesta\u00f1a)\">Documento completo<\/a><\/p>\n","protected":false},"excerpt":{"rendered":"<p>Un Plan Nacional de Educaci\u00f3n Cooperativa y Mutual fue propuesto a las autoridades del Ministerio de Educaci\u00f3n de la Naci\u00f3n 2019-2023, de acuerdo a las orientaciones que se sugieren en el documento Hacia un Plan Nacional de Educaci\u00f3n Cooperativa y Mutual. Trabajar en este sentido es cumplir con el art\u00edculo 90 de la Ley de [&hellip;]<\/p>\n","protected":false},"author":2,"featured_media":2989,"comment_status":"closed","ping_status":"closed","sticky":false,"template":"","format":"standard","meta":{"site-sidebar-layout":"default","site-content-layout":"","ast-site-content-layout":"","site-content-style":"default","site-sidebar-style":"default","ast-global-header-display":"","ast-banner-title-visibility":"","ast-main-header-display":"","ast-hfb-above-header-display":"","ast-hfb-below-header-display":"","ast-hfb-mobile-header-display":"","site-post-title":"","ast-breadcrumbs-content":"","ast-featured-img":"","footer-sml-layout":"","theme-transparent-header-meta":"","adv-header-id-meta":"","stick-header-meta":"","header-above-stick-meta":"","header-main-stick-meta":"","header-below-stick-meta":"","astra-migrate-meta-layouts":"default","ast-page-background-enabled":"default","ast-page-background-meta":{"desktop":{"background-color":"var(--ast-global-color-4)","background-image":"","background-repeat":"repeat","background-position":"center center","background-size":"auto","background-attachment":"scroll","background-type":"","background-media":"","overlay-type":"","overlay-color":"","overlay-opacity":"","overlay-gradient":""},"tablet":{"background-color":"","background-image":"","background-repeat":"repeat","background-position":"center center","background-size":"auto","background-attachment":"scroll","background-type":"","background-media":"","overlay-type":"","overlay-color":"","overlay-opacity":"","overlay-gradient":""},"mobile":{"background-color":"","background-image":"","background-repeat":"repeat","background-position":"center center","background-size":"auto","background-attachment":"scroll","background-type":"","background-media":"","overlay-type":"","overlay-color":"","overlay-opacity":"","overlay-gradient":""}},"ast-content-background-meta":{"desktop":{"background-color":"var(--ast-global-color-5)","background-image":"","background-repeat":"repeat","background-position":"center center","background-size":"auto","background-attachment":"scroll","background-type":"","background-media":"","overlay-type":"","overlay-color":"","overlay-opacity":"","overlay-gradient":""},"tablet":{"background-color":"var(--ast-global-color-5)","background-image":"","background-repeat":"repeat","background-position":"center center","background-size":"auto","background-attachment":"scroll","background-type":"","background-media":"","overlay-type":"","overlay-color":"","overlay-opacity":"","overlay-gradient":""},"mobile":{"background-color":"var(--ast-global-color-5)","background-image":"","background-repeat":"repeat","background-position":"center center","background-size":"auto","background-attachment":"scroll","background-type":"","background-media":"","overlay-type":"","overlay-color":"","overlay-opacity":"","overlay-gradient":""}},"footnotes":""},"categories":[16,2],"tags":[47],"class_list":["post-2988","post","type-post","status-publish","format-standard","has-post-thumbnail","hentry","category-noticias","category-novedades","tag-educacion"],"_links":{"self":[{"href":"https:\/\/cooperar.coop\/index.php?rest_route=\/wp\/v2\/posts\/2988","targetHints":{"allow":["GET"]}}],"collection":[{"href":"https:\/\/cooperar.coop\/index.php?rest_route=\/wp\/v2\/posts"}],"about":[{"href":"https:\/\/cooperar.coop\/index.php?rest_route=\/wp\/v2\/types\/post"}],"author":[{"embeddable":true,"href":"https:\/\/cooperar.coop\/index.php?rest_route=\/wp\/v2\/users\/2"}],"replies":[{"embeddable":true,"href":"https:\/\/cooperar.coop\/index.php?rest_route=%2Fwp%2Fv2%2Fcomments&post=2988"}],"version-history":[{"count":6,"href":"https:\/\/cooperar.coop\/index.php?rest_route=\/wp\/v2\/posts\/2988\/revisions"}],"predecessor-version":[{"id":2995,"href":"https:\/\/cooperar.coop\/index.php?rest_route=\/wp\/v2\/posts\/2988\/revisions\/2995"}],"wp:featuredmedia":[{"embeddable":true,"href":"https:\/\/cooperar.coop\/index.php?rest_route=\/wp\/v2\/media\/2989"}],"wp:attachment":[{"href":"https:\/\/cooperar.coop\/index.php?rest_route=%2Fwp%2Fv2%2Fmedia&parent=2988"}],"wp:term":[{"taxonomy":"category","embeddable":true,"href":"https:\/\/cooperar.coop\/index.php?rest_route=%2Fwp%2Fv2%2Fcategories&post=2988"},{"taxonomy":"post_tag","embeddable":true,"href":"https:\/\/cooperar.coop\/index.php?rest_route=%2Fwp%2Fv2%2Ftags&post=2988"}],"curies":[{"name":"wp","href":"https:\/\/api.w.org\/{rel}","templated":true}]}}