{"id":3045,"date":"2019-10-27T15:47:00","date_gmt":"2019-10-27T18:47:00","guid":{"rendered":"https:\/\/cooperar.coop\/?p=3045"},"modified":"2019-11-27T16:12:55","modified_gmt":"2019-11-27T19:12:55","slug":"rondas-de-negocios-financiamiento-y-marcos-normativos-en-la-agenda-de-los-municipios-cooperativos","status":"publish","type":"post","link":"https:\/\/cooperar.coop\/?p=3045","title":{"rendered":"Rondas de negocios, financiamiento y marcos normativos, en la agenda de los Municipios Cooperativos"},"content":{"rendered":"\n<p>Intendentes y otros representantes de gobiernos municipales se reunieron el jueves 26 con autoridades de la Confederaci\u00f3n y de algunas de las 77 federaciones asociadas para avanzar en la creaci\u00f3n de rondas de negocios, herramientas financieras y marcos normativos que los ayuden a seguir impulsando el desarrollo local sostenible.<\/p>\n\n\n\n<p>Varias de las localidades que asistieron son parte de la Red de Municipios Cooperativos, impulsada por Cooperar y en la que est\u00e1n involucradas las entidades solidarias de cada territorio junto con los gobiernos para articular acciones en torno de cuatro compromisos: desarrollo local cooperativo, compre cooperativo y local, educaci\u00f3n cooperativa y cuidado cooperativo del medio ambiente y la salud.<\/p>\n\n\n\n<p>En el encuentro estuvieron los intendentes de Gualeguaych\u00fa, Mart\u00edn Piaggio, y de Punta Indio, Hern\u00e1n Yzurieta, adem\u00e1s de secretarios de Gobierno, de Producci\u00f3n y otras \u00e1reas vinculadas con el desarrollo de la econom\u00eda social y solidaria en los municipios de Rosario, General San Mart\u00edn, Tigre, San Antonio de Areco, San Fernando, Malvinas Argentinas, 25 de Mayo, Coronel Pringles, Castelli y Adolfo Alsina.<\/p>\n\n\n\n<p>Durante la jornada, realizada en las oficinas de Cooperar, fueron presentadas las principales experiencias y proyectos de los municipios relacionados con el sector cooperativo. Adem\u00e1s, se pusieron sobre la mesa los objetivos sobre los que deber\u00e1 seguir trabajando la Red.<\/p>\n\n\n\n<p>En esa l\u00ednea, los referentes locales firmaron un acta por la cual se comprometen \u00aba generar estrategias de intercambio de herramientas existentes y la creaci\u00f3n de nuevas con el fin de sinergiar esfuerzos y compartir estrategias desde la solidaridad\u00bb.<\/p>\n\n\n\n<p>Concretamente, se proponen avanzar con rondas negocios, herramientas financieras, creaci\u00f3n de cooperativas independientes y enmarcar los proyectos bajo el paraguas de \u00abotra econom\u00eda\u00bb en l\u00ednea con el \u00abdesaf\u00edo global del desarrollo sostenible, la paz y la equidad\u00bb.<\/p>\n\n\n\n<p>Para eso, acordaron mantener una agenda de trabajo que apunte a multiplicar las compras a cooperativas no solamente dentro de cada municipio si no entre varios de ellos. El objetivo inicial es lograr una reciprocidad que anime a los gobiernos a adquirir productos de cooperativas de otros distritos y que las gestiones de esos distritos compren a cooperativas del propio. La estrategia incluye tambi\u00e9n la promoci\u00f3n de v\u00ednculos entre cooperativas y con otras pymes, adem\u00e1s de la promoci\u00f3n del compre de las familias de cada municipio a favor de la producci\u00f3n local y cooperativa.<\/p>\n\n\n\n<p>Por otro lado, los representantes municipales acordaron incidir sobre el marco normativo en los distritos locales pero tambi\u00e9n a nivel provincial para facilitar las compras de los Estados municipales a empresas de la econom\u00eda solidaria. <\/p>\n\n\n\n<p>Finalmente, intercambiaron ideas y experiencias relativas al financiamiento que requieren muchas veces estas empresas para poder desarrollar sus negocios, que est\u00e1n centrados en las personas y en la comunidad y sirven a los gobiernos municipales para promover un desarrollo local justo e inclusivo.<\/p>\n\n\n\n<p>General San Mart\u00edn albergar\u00e1 la pr\u00f3xima reuni\u00f3n de los municipios cooperativos interesados en proseguir esta agenda, que tom\u00f3 impulso luego de la incorporaci\u00f3n de ese distrito a la Red, el mes pasado, de la mano de Conarcoop y Fecootra, asociadas a Cooperar.<\/p>\n\n\n\n<figure class=\"wp-block-gallery columns-3 is-cropped wp-block-gallery-1 is-layout-flex wp-block-gallery-is-layout-flex\"><ul class=\"blocks-gallery-grid\"><li class=\"blocks-gallery-item\"><figure><img decoding=\"async\" src=\"https:\/\/lagaceta.cooperar.coop\/wp-content\/uploads\/2019\/09\/IMG_20190926_112556625-1024x768.jpg\" alt=\"\" data-id=\"2620\" data-link=\"https:\/\/lagaceta.cooperar.coop\/rondas-de-negocios-financiamiento-y-marcos-normativos-en-la-agenda-de-los-municipios-cooperativos\/img_20190926_112556625\/\" class=\"wp-image-2620\"\/><\/figure><\/li><li class=\"blocks-gallery-item\"><figure><img decoding=\"async\" src=\"https:\/\/lagaceta.cooperar.coop\/wp-content\/uploads\/2019\/09\/IMG_20190926_115613482-1024x768.jpg\" alt=\"\" data-id=\"2621\" data-link=\"https:\/\/lagaceta.cooperar.coop\/rondas-de-negocios-financiamiento-y-marcos-normativos-en-la-agenda-de-los-municipios-cooperativos\/img_20190926_115613482\/\" class=\"wp-image-2621\"\/><\/figure><\/li><li class=\"blocks-gallery-item\"><figure><img decoding=\"async\" src=\"https:\/\/lagaceta.cooperar.coop\/wp-content\/uploads\/2019\/09\/IMG_20190926_111241647-1024x768.jpg\" alt=\"\" data-id=\"2622\" data-link=\"https:\/\/lagaceta.cooperar.coop\/rondas-de-negocios-financiamiento-y-marcos-normativos-en-la-agenda-de-los-municipios-cooperativos\/img_20190926_111241647\/\" class=\"wp-image-2622\"\/><\/figure><\/li><li class=\"blocks-gallery-item\"><figure><img decoding=\"async\" src=\"https:\/\/lagaceta.cooperar.coop\/wp-content\/uploads\/2019\/09\/IMG_20190926_112452407-e1569597830122-768x1024.jpg\" alt=\"\" data-id=\"2623\" data-link=\"https:\/\/lagaceta.cooperar.coop\/rondas-de-negocios-financiamiento-y-marcos-normativos-en-la-agenda-de-los-municipios-cooperativos\/img_20190926_112452407\/\" class=\"wp-image-2623\"\/><\/figure><\/li><li class=\"blocks-gallery-item\"><figure><img decoding=\"async\" src=\"https:\/\/lagaceta.cooperar.coop\/wp-content\/uploads\/2019\/09\/IMG_20190926_120411494-1024x768.jpg\" alt=\"\" data-id=\"2624\" data-link=\"https:\/\/lagaceta.cooperar.coop\/rondas-de-negocios-financiamiento-y-marcos-normativos-en-la-agenda-de-los-municipios-cooperativos\/img_20190926_120411494\/\" class=\"wp-image-2624\"\/><\/figure><\/li><li class=\"blocks-gallery-item\"><figure><img decoding=\"async\" src=\"https:\/\/lagaceta.cooperar.coop\/wp-content\/uploads\/2019\/09\/IMG_20190926_121857391-1024x768.jpg\" alt=\"\" data-id=\"2625\" data-link=\"https:\/\/lagaceta.cooperar.coop\/rondas-de-negocios-financiamiento-y-marcos-normativos-en-la-agenda-de-los-municipios-cooperativos\/img_20190926_121857391\/\" class=\"wp-image-2625\"\/><\/figure><\/li><\/ul><\/figure>\n","protected":false},"excerpt":{"rendered":"<p>Intendentes y otros representantes de gobiernos municipales se reunieron el jueves 26 con autoridades de la Confederaci\u00f3n y de algunas de las 77 federaciones asociadas para avanzar en la creaci\u00f3n de rondas de negocios, herramientas financieras y marcos normativos que los ayuden a seguir impulsando el desarrollo local sostenible. Varias de las localidades que asistieron [&hellip;]<\/p>\n","protected":false},"author":2,"featured_media":3046,"comment_status":"closed","ping_status":"closed","sticky":false,"template":"","format":"standard","meta":{"site-sidebar-layout":"default","site-content-layout":"","ast-site-content-layout":"","site-content-style":"default","site-sidebar-style":"default","ast-global-header-display":"","ast-banner-title-visibility":"","ast-main-header-display":"","ast-hfb-above-header-display":"","ast-hfb-below-header-display":"","ast-hfb-mobile-header-display":"","site-post-title":"","ast-breadcrumbs-content":"","ast-featured-img":"","footer-sml-layout":"","theme-transparent-header-meta":"","adv-header-id-meta":"","stick-header-meta":"","header-above-stick-meta":"","header-main-stick-meta":"","header-below-stick-meta":"","astra-migrate-meta-layouts":"default","ast-page-background-enabled":"default","ast-page-background-meta":{"desktop":{"background-color":"var(--ast-global-color-4)","background-image":"","background-repeat":"repeat","background-position":"center center","background-size":"auto","background-attachment":"scroll","background-type":"","background-media":"","overlay-type":"","overlay-color":"","overlay-opacity":"","overlay-gradient":""},"tablet":{"background-color":"","background-image":"","background-repeat":"repeat","background-position":"center center","background-size":"auto","background-attachment":"scroll","background-type":"","background-media":"","overlay-type":"","overlay-color":"","overlay-opacity":"","overlay-gradient":""},"mobile":{"background-color":"","background-image":"","background-repeat":"repeat","background-position":"center center","background-size":"auto","background-attachment":"scroll","background-type":"","background-media":"","overlay-type":"","overlay-color":"","overlay-opacity":"","overlay-gradient":""}},"ast-content-background-meta":{"desktop":{"background-color":"var(--ast-global-color-5)","background-image":"","background-repeat":"repeat","background-position":"center center","background-size":"auto","background-attachment":"scroll","background-type":"","background-media":"","overlay-type":"","overlay-color":"","overlay-opacity":"","overlay-gradient":""},"tablet":{"background-color":"var(--ast-global-color-5)","background-image":"","background-repeat":"repeat","background-position":"center center","background-size":"auto","background-attachment":"scroll","background-type":"","background-media":"","overlay-type":"","overlay-color":"","overlay-opacity":"","overlay-gradient":""},"mobile":{"background-color":"var(--ast-global-color-5)","background-image":"","background-repeat":"repeat","background-position":"center center","background-size":"auto","background-attachment":"scroll","background-type":"","background-media":"","overlay-type":"","overlay-color":"","overlay-opacity":"","overlay-gradient":""}},"footnotes":""},"categories":[16,2],"tags":[],"class_list":["post-3045","post","type-post","status-publish","format-standard","has-post-thumbnail","hentry","category-noticias","category-novedades"],"_links":{"self":[{"href":"https:\/\/cooperar.coop\/index.php?rest_route=\/wp\/v2\/posts\/3045","targetHints":{"allow":["GET"]}}],"collection":[{"href":"https:\/\/cooperar.coop\/index.php?rest_route=\/wp\/v2\/posts"}],"about":[{"href":"https:\/\/cooperar.coop\/index.php?rest_route=\/wp\/v2\/types\/post"}],"author":[{"embeddable":true,"href":"https:\/\/cooperar.coop\/index.php?rest_route=\/wp\/v2\/users\/2"}],"replies":[{"embeddable":true,"href":"https:\/\/cooperar.coop\/index.php?rest_route=%2Fwp%2Fv2%2Fcomments&post=3045"}],"version-history":[{"count":1,"href":"https:\/\/cooperar.coop\/index.php?rest_route=\/wp\/v2\/posts\/3045\/revisions"}],"predecessor-version":[{"id":3047,"href":"https:\/\/cooperar.coop\/index.php?rest_route=\/wp\/v2\/posts\/3045\/revisions\/3047"}],"wp:featuredmedia":[{"embeddable":true,"href":"https:\/\/cooperar.coop\/index.php?rest_route=\/wp\/v2\/media\/3046"}],"wp:attachment":[{"href":"https:\/\/cooperar.coop\/index.php?rest_route=%2Fwp%2Fv2%2Fmedia&parent=3045"}],"wp:term":[{"taxonomy":"category","embeddable":true,"href":"https:\/\/cooperar.coop\/index.php?rest_route=%2Fwp%2Fv2%2Fcategories&post=3045"},{"taxonomy":"post_tag","embeddable":true,"href":"https:\/\/cooperar.coop\/index.php?rest_route=%2Fwp%2Fv2%2Ftags&post=3045"}],"curies":[{"name":"wp","href":"https:\/\/api.w.org\/{rel}","templated":true}]}}