{"id":3051,"date":"2019-11-27T16:07:57","date_gmt":"2019-11-27T19:07:57","guid":{"rendered":"https:\/\/cooperar.coop\/?p=3051"},"modified":"2019-11-27T16:08:21","modified_gmt":"2019-11-27T19:08:21","slug":"participacion-en-la-conferencia-global-de-la-aci","status":"publish","type":"post","link":"https:\/\/cooperar.coop\/?p=3051","title":{"rendered":"Participaci\u00f3n en la Conferencia Global de la ACI"},"content":{"rendered":"\n<p>La Alianza Cooperativa Internacional realiz\u00f3 su asamblea anual y conferencia global en Kigali, Ruanda, del 147 al 17 de octubre.<\/p>\n\n\n\n<p>Junto al presidente de la Confederaci\u00f3n y de la ACI, Ariel Guarco, viajaron varios representantes del sector cooperativo argentino.<\/p>\n\n\n\n<p>Estuvieron el secretario de Cooperar, Ricardo L\u00f3pez; el secretario de Relaciones Internacionales de la Confederaci\u00f3n, Carlos Mansilla; la presidenta del Comit\u00e9 de Equidad de G\u00e9nero, Gisela Wild, quien present\u00f3 el <a rel=\"noreferrer noopener\" href=\"https:\/\/www.elciudadanoweb.com\/gisela-wild-la-argentina-que-hablo-sobre-violencia-de-genero-en-ruanda\/?fbclid=IwAR0Gx22kwavEH1jRWNo6j0SwlqDLY9hzFntyzgVKh1ivVnTZ0Vr4_fsrEeI\" target=\"_blank\">Pacto Cooperativo por la No Violencia de G\u00e9nero<\/a>; y la asesora internacional Gabriela Buffa.<\/p>\n\n\n\n<p>Adem\u00e1s, participaron Pablo Barbieri (FACC), Dar\u00edo Arnaudo y Eduardo Reixach (Sancor Seguros), Br\u00edgida Far\u00edas (Cooperativa de Trabajos Portuarios del Puerto General San Mart\u00edn), Daniel Plotinsky (IMFC), Juan Miguel Mart\u00edn (Fecofar), Nicol\u00e1s Pelichotti (Conarcoop) y Nicol\u00e1s Dimarco (<a rel=\"noreferrer noopener\" href=\"https:\/\/lagaceta.cooperar.coop\/las-cooperativas-de-tecnologias-buscan-trascender-las-fronteras\/\" target=\"_blank\">Facttic<\/a>).<\/p>\n\n\n\n<p>\u201cEn estos dos a\u00f1os me pude sumergir en el conocimiento de la diversidad cooperativa mundial, tanto geogr\u00e1fica como sectorial, y contar con una sinton\u00eda m\u00e1s profunda de las realidades y problem\u00e1ticas\u201d, repas\u00f3 Guarco en la apertura de la Conferencia, que preside la ACI desde noviembre de 2017. <\/p>\n\n\n\n<p>La elecci\u00f3n de la capital de Ruanda, en \u00c1frica Central, para realizar las actividades fue una apuesta por seguir apoyando al desarrollo cooperativo en todos los territorios. Guarco ya hab\u00eda estado all\u00ed durante una gira por cinco pa\u00edses, en enero. En ese pa\u00eds de 12 millones de habitantes, que atraves\u00f3 a fines del siglo pasado una cruenta guerra civil y un genocidio, actualmente el 45% de la poblaci\u00f3n est\u00e1 vinculada a una cooperativa.<\/p>\n\n\n\n<p>\u201cCuando conocemos la historia de este pa\u00eds luego del cese de la violencia y el rol de las cooperativas en el proceso de recuperaci\u00f3n de la democracia, vemos cu\u00e1n importante es la contribuci\u00f3n del cooperativismo a la paz. Vivimos en un mundo que enfrenta serios conflictos en el que es clave promover y potenciar el accionar cooperativo.\u201d<\/p>\n\n\n\n<p>Con 5  sesiones plenarias y 7 paralelas a lo largo de tres jornadas, la conferencia gir\u00f3 en torno del desarrollo sostenible y algunos de los ejes contenidos en la Agenda 2030 de Naciones Unidas, como trabajo decente, equidad de g\u00e9nero y acci\u00f3n por el clima.P\u00e1rrafo<\/p>\n\n\n\n<p>La pr\u00f3xima cita del cooperativismo a nivel internacional es en diciembre del a\u00f1o que viene en Se\u00fal, Corea del Sur, donde se llevar\u00e1 a cabo un Congreso Mundial en ocasi\u00f3n de los 125 a\u00f1os de la ACI.<\/p>\n\n\n\n<p>Antes de regresar, Guarco fue recibido por el primer ministro de Ruanda, Edouard Ngirente, con quien coincidi\u00f3 en el rol del movimiento cooperativo hacia un desarrollo sostenible e inclusivo a escala global.<\/p>\n\n\n\n<figure class=\"wp-block-image size-large\"><img fetchpriority=\"high\" decoding=\"async\" width=\"1024\" height=\"681\" src=\"https:\/\/cooperar.coop\/wp-content\/uploads\/2019\/11\/coopconference19-opening-and-cocktail_48901507098_o-1024x681.jpg\" alt=\"\" class=\"wp-image-3052\" srcset=\"https:\/\/cooperar.coop\/wp-content\/uploads\/2019\/11\/coopconference19-opening-and-cocktail_48901507098_o-1024x681.jpg 1024w, https:\/\/cooperar.coop\/wp-content\/uploads\/2019\/11\/coopconference19-opening-and-cocktail_48901507098_o-300x200.jpg 300w, https:\/\/cooperar.coop\/wp-content\/uploads\/2019\/11\/coopconference19-opening-and-cocktail_48901507098_o-768x511.jpg 768w, https:\/\/cooperar.coop\/wp-content\/uploads\/2019\/11\/coopconference19-opening-and-cocktail_48901507098_o-1536x1022.jpg 1536w, https:\/\/cooperar.coop\/wp-content\/uploads\/2019\/11\/coopconference19-opening-and-cocktail_48901507098_o.jpg 1623w\" sizes=\"(max-width: 1024px) 100vw, 1024px\" \/><figcaption>\u00abCuando conocemos la historia de este pa\u00eds luego del cese de la violencia y el rol de las cooperativas en el proceso de recuperaci\u00f3n de la democracia, vemos cu\u00e1n importante es la contribuci\u00f3n del cooperativismo a la paz.\u00bb <\/figcaption><\/figure>\n","protected":false},"excerpt":{"rendered":"<p>La Alianza Cooperativa Internacional realiz\u00f3 su asamblea anual y conferencia global en Kigali, Ruanda, del 147 al 17 de octubre. Junto al presidente de la Confederaci\u00f3n y de la ACI, Ariel Guarco, viajaron varios representantes del sector cooperativo argentino. Estuvieron el secretario de Cooperar, Ricardo L\u00f3pez; el secretario de Relaciones Internacionales de la Confederaci\u00f3n, Carlos [&hellip;]<\/p>\n","protected":false},"author":2,"featured_media":3053,"comment_status":"closed","ping_status":"closed","sticky":false,"template":"","format":"standard","meta":{"site-sidebar-layout":"default","site-content-layout":"","ast-site-content-layout":"","site-content-style":"default","site-sidebar-style":"default","ast-global-header-display":"","ast-banner-title-visibility":"","ast-main-header-display":"","ast-hfb-above-header-display":"","ast-hfb-below-header-display":"","ast-hfb-mobile-header-display":"","site-post-title":"","ast-breadcrumbs-content":"","ast-featured-img":"","footer-sml-layout":"","theme-transparent-header-meta":"","adv-header-id-meta":"","stick-header-meta":"","header-above-stick-meta":"","header-main-stick-meta":"","header-below-stick-meta":"","astra-migrate-meta-layouts":"default","ast-page-background-enabled":"default","ast-page-background-meta":{"desktop":{"background-color":"var(--ast-global-color-4)","background-image":"","background-repeat":"repeat","background-position":"center center","background-size":"auto","background-attachment":"scroll","background-type":"","background-media":"","overlay-type":"","overlay-color":"","overlay-opacity":"","overlay-gradient":""},"tablet":{"background-color":"","background-image":"","background-repeat":"repeat","background-position":"center center","background-size":"auto","background-attachment":"scroll","background-type":"","background-media":"","overlay-type":"","overlay-color":"","overlay-opacity":"","overlay-gradient":""},"mobile":{"background-color":"","background-image":"","background-repeat":"repeat","background-position":"center center","background-size":"auto","background-attachment":"scroll","background-type":"","background-media":"","overlay-type":"","overlay-color":"","overlay-opacity":"","overlay-gradient":""}},"ast-content-background-meta":{"desktop":{"background-color":"var(--ast-global-color-5)","background-image":"","background-repeat":"repeat","background-position":"center center","background-size":"auto","background-attachment":"scroll","background-type":"","background-media":"","overlay-type":"","overlay-color":"","overlay-opacity":"","overlay-gradient":""},"tablet":{"background-color":"var(--ast-global-color-5)","background-image":"","background-repeat":"repeat","background-position":"center center","background-size":"auto","background-attachment":"scroll","background-type":"","background-media":"","overlay-type":"","overlay-color":"","overlay-opacity":"","overlay-gradient":""},"mobile":{"background-color":"var(--ast-global-color-5)","background-image":"","background-repeat":"repeat","background-position":"center center","background-size":"auto","background-attachment":"scroll","background-type":"","background-media":"","overlay-type":"","overlay-color":"","overlay-opacity":"","overlay-gradient":""}},"footnotes":""},"categories":[16,2],"tags":[],"class_list":["post-3051","post","type-post","status-publish","format-standard","has-post-thumbnail","hentry","category-noticias","category-novedades"],"_links":{"self":[{"href":"https:\/\/cooperar.coop\/index.php?rest_route=\/wp\/v2\/posts\/3051","targetHints":{"allow":["GET"]}}],"collection":[{"href":"https:\/\/cooperar.coop\/index.php?rest_route=\/wp\/v2\/posts"}],"about":[{"href":"https:\/\/cooperar.coop\/index.php?rest_route=\/wp\/v2\/types\/post"}],"author":[{"embeddable":true,"href":"https:\/\/cooperar.coop\/index.php?rest_route=\/wp\/v2\/users\/2"}],"replies":[{"embeddable":true,"href":"https:\/\/cooperar.coop\/index.php?rest_route=%2Fwp%2Fv2%2Fcomments&post=3051"}],"version-history":[{"count":1,"href":"https:\/\/cooperar.coop\/index.php?rest_route=\/wp\/v2\/posts\/3051\/revisions"}],"predecessor-version":[{"id":3054,"href":"https:\/\/cooperar.coop\/index.php?rest_route=\/wp\/v2\/posts\/3051\/revisions\/3054"}],"wp:featuredmedia":[{"embeddable":true,"href":"https:\/\/cooperar.coop\/index.php?rest_route=\/wp\/v2\/media\/3053"}],"wp:attachment":[{"href":"https:\/\/cooperar.coop\/index.php?rest_route=%2Fwp%2Fv2%2Fmedia&parent=3051"}],"wp:term":[{"taxonomy":"category","embeddable":true,"href":"https:\/\/cooperar.coop\/index.php?rest_route=%2Fwp%2Fv2%2Fcategories&post=3051"},{"taxonomy":"post_tag","embeddable":true,"href":"https:\/\/cooperar.coop\/index.php?rest_route=%2Fwp%2Fv2%2Ftags&post=3051"}],"curies":[{"name":"wp","href":"https:\/\/api.w.org\/{rel}","templated":true}]}}