{"id":4073,"date":"2022-06-13T14:39:11","date_gmt":"2022-06-13T17:39:11","guid":{"rendered":"https:\/\/cooperar.coop\/?p=4073"},"modified":"2022-06-13T14:49:18","modified_gmt":"2022-06-13T17:49:18","slug":"propuesta-para-la-aci-2022-2026","status":"publish","type":"post","link":"https:\/\/cooperar.coop\/?p=4073","title":{"rendered":"Propuesta para la ACI 2022\/2026"},"content":{"rendered":"\n<p>Nuestro presidente, Ariel Guarco, es candidato a ser reelecto como m\u00e1xima autoridad de la Alianza Cooperativa Internacional (ACI), concluido el mandato recibido por unanimidad de parte de los miembros en noviembre de 2017.<\/p>\n\n\n\n<p>Guarco finaliza su primer ejercicio al frente de la ACI habiendo honrado sus compromisos de poner la organizaci\u00f3n en manos de sus miembros, posicionarla como actor clave en el escenario global y promover la integraci\u00f3n intersectorial e interregional del movimiento cooperativo.<\/p>\n\n\n\n<p>Para eso, visit\u00f3 m\u00e1s de 50 pa\u00edses y mantuvo encuentros directos con m\u00e1s de la mitad de las organizaciones asociadas, aun a pesar de la pandemia.<\/p>\n\n\n\n<p>Ya sea de manera presencial o a la distancia, brind\u00f3 conferencias y mensajes en m\u00e1s de cien actividades organizadas por las entidades que integran la ACI o por otros organismos internacionales.<\/p>\n\n\n\n<p>En relaci\u00f3n con estos \u00faltimos, Guarco tambi\u00e9n llev\u00f3 adelante un proceso de revitalizaci\u00f3n de los v\u00ednculos con la OIT, la FAO y otros organismos dependientes de Naciones Unidas.<\/p>\n\n\n\n<p>Otro hito en este trayecto fue el congreso hist\u00f3rico realizado en diciembre de 2021 en la ciudad de Se\u00fal, Corea, que reuni\u00f3 de manera presencial y en l\u00ednea a m\u00e1s de 1500 cooperativistas de todo el Mundo.<\/p>\n\n\n\n<p>Para los pr\u00f3ximos cuatro a\u00f1os, el actual l\u00edder de la ACI plantea tres objetivos estrat\u00e9gicos: promocionar la Identidad Cooperativa como el mejor camino hacia el desarrollo sostenible; aumentar los niveles de incidencia en los organismos de representaci\u00f3n internacional, y profundizar los niveles de integraci\u00f3n institucional y econ\u00f3mica entre los diferentes actores del cooperativismo a nivel global.<\/p>\n\n\n\n<p>En busca de dar continuidad a esos logros, Guarco propone tambi\u00e9n un modelo de gobernanza de la ACI cada vez m\u00e1s participativo, con creciente protagonismo de las Regiones, los Sectores y los Comit\u00e9s.<\/p>\n\n\n\n<p>\u201cNuestro movimiento cooperativo est\u00e1 llamado a ser protagonista en el proceso de recuperaci\u00f3n luego de la pandemia y en la construcci\u00f3n de respuestas locales frente a los desaf\u00edos globales de la Defensa del Planeta, la Paz y el Desarrollo Sostenible\u201d, declara en su plataforma, que puede consultarse en <a href=\"https:\/\/www.arielguarco.coop\/plataforma-arielguarco-presidenciaaci-2022\/\" target=\"_blank\" rel=\"noreferrer noopener\" title=\"arielguarco.coop\">arielguarco.coop<\/a>.<\/p>\n\n\n\n<figure class=\"wp-block-embed is-type-rich is-provider-twitter wp-block-embed-twitter\">\n<blockquote class=\"twitter-tweet\" data-width=\"500\" data-dnt=\"true\"><p lang=\"es\" dir=\"ltr\">\u270bNuestro presidente <a href=\"https:\/\/twitter.com\/ArielGuarco?ref_src=twsrc%5Etfw\">@ArielGuarco<\/a> es candidato a seguir liderando la Alianza Cooperativa <a href=\"https:\/\/twitter.com\/icacoop?ref_src=twsrc%5Etfw\">@icacoop<\/a> \ud83c\udf0e\ud83c\udf0d\ud83c\udf0f<br><br> <a href=\"https:\/\/twitter.com\/CoopAmericas?ref_src=twsrc%5Etfw\">@CoopAmericas<\/a> <a href=\"https:\/\/t.co\/VzyF6h3TmS\">https:\/\/t.co\/VzyF6h3TmS<\/a><\/p>&mdash; COOPERAR (@cooperarconf) <a href=\"https:\/\/twitter.com\/cooperarconf\/status\/1531788277476274179?ref_src=twsrc%5Etfw\">June 1, 2022<\/a><\/blockquote><script async src=\"https:\/\/platform.twitter.com\/widgets.js\" charset=\"utf-8\"><\/script>\n<\/figure>\n","protected":false},"excerpt":{"rendered":"<p>Nuestro presidente, Ariel Guarco, es candidato a ser reelecto como m\u00e1xima autoridad de la Alianza Cooperativa Internacional (ACI), concluido el mandato recibido por unanimidad de parte de los miembros en noviembre de 2017. Guarco finaliza su primer ejercicio al frente de la ACI habiendo honrado sus compromisos de poner la organizaci\u00f3n en manos de sus [&hellip;]<\/p>\n","protected":false},"author":2,"featured_media":4074,"comment_status":"closed","ping_status":"closed","sticky":false,"template":"","format":"standard","meta":{"site-sidebar-layout":"default","site-content-layout":"","ast-site-content-layout":"","site-content-style":"default","site-sidebar-style":"default","ast-global-header-display":"","ast-banner-title-visibility":"","ast-main-header-display":"","ast-hfb-above-header-display":"","ast-hfb-below-header-display":"","ast-hfb-mobile-header-display":"","site-post-title":"","ast-breadcrumbs-content":"","ast-featured-img":"","footer-sml-layout":"","theme-transparent-header-meta":"","adv-header-id-meta":"","stick-header-meta":"","header-above-stick-meta":"","header-main-stick-meta":"","header-below-stick-meta":"","astra-migrate-meta-layouts":"default","ast-page-background-enabled":"default","ast-page-background-meta":{"desktop":{"background-color":"var(--ast-global-color-4)","background-image":"","background-repeat":"repeat","background-position":"center center","background-size":"auto","background-attachment":"scroll","background-type":"","background-media":"","overlay-type":"","overlay-color":"","overlay-opacity":"","overlay-gradient":""},"tablet":{"background-color":"","background-image":"","background-repeat":"repeat","background-position":"center center","background-size":"auto","background-attachment":"scroll","background-type":"","background-media":"","overlay-type":"","overlay-color":"","overlay-opacity":"","overlay-gradient":""},"mobile":{"background-color":"","background-image":"","background-repeat":"repeat","background-position":"center center","background-size":"auto","background-attachment":"scroll","background-type":"","background-media":"","overlay-type":"","overlay-color":"","overlay-opacity":"","overlay-gradient":""}},"ast-content-background-meta":{"desktop":{"background-color":"var(--ast-global-color-5)","background-image":"","background-repeat":"repeat","background-position":"center center","background-size":"auto","background-attachment":"scroll","background-type":"","background-media":"","overlay-type":"","overlay-color":"","overlay-opacity":"","overlay-gradient":""},"tablet":{"background-color":"var(--ast-global-color-5)","background-image":"","background-repeat":"repeat","background-position":"center center","background-size":"auto","background-attachment":"scroll","background-type":"","background-media":"","overlay-type":"","overlay-color":"","overlay-opacity":"","overlay-gradient":""},"mobile":{"background-color":"var(--ast-global-color-5)","background-image":"","background-repeat":"repeat","background-position":"center center","background-size":"auto","background-attachment":"scroll","background-type":"","background-media":"","overlay-type":"","overlay-color":"","overlay-opacity":"","overlay-gradient":""}},"footnotes":""},"categories":[16,2],"tags":[],"class_list":["post-4073","post","type-post","status-publish","format-standard","has-post-thumbnail","hentry","category-noticias","category-novedades"],"_links":{"self":[{"href":"https:\/\/cooperar.coop\/index.php?rest_route=\/wp\/v2\/posts\/4073","targetHints":{"allow":["GET"]}}],"collection":[{"href":"https:\/\/cooperar.coop\/index.php?rest_route=\/wp\/v2\/posts"}],"about":[{"href":"https:\/\/cooperar.coop\/index.php?rest_route=\/wp\/v2\/types\/post"}],"author":[{"embeddable":true,"href":"https:\/\/cooperar.coop\/index.php?rest_route=\/wp\/v2\/users\/2"}],"replies":[{"embeddable":true,"href":"https:\/\/cooperar.coop\/index.php?rest_route=%2Fwp%2Fv2%2Fcomments&post=4073"}],"version-history":[{"count":2,"href":"https:\/\/cooperar.coop\/index.php?rest_route=\/wp\/v2\/posts\/4073\/revisions"}],"predecessor-version":[{"id":4076,"href":"https:\/\/cooperar.coop\/index.php?rest_route=\/wp\/v2\/posts\/4073\/revisions\/4076"}],"wp:featuredmedia":[{"embeddable":true,"href":"https:\/\/cooperar.coop\/index.php?rest_route=\/wp\/v2\/media\/4074"}],"wp:attachment":[{"href":"https:\/\/cooperar.coop\/index.php?rest_route=%2Fwp%2Fv2%2Fmedia&parent=4073"}],"wp:term":[{"taxonomy":"category","embeddable":true,"href":"https:\/\/cooperar.coop\/index.php?rest_route=%2Fwp%2Fv2%2Fcategories&post=4073"},{"taxonomy":"post_tag","embeddable":true,"href":"https:\/\/cooperar.coop\/index.php?rest_route=%2Fwp%2Fv2%2Ftags&post=4073"}],"curies":[{"name":"wp","href":"https:\/\/api.w.org\/{rel}","templated":true}]}}